{"id":1554,"date":"2018-09-24T08:39:40","date_gmt":"2018-09-24T06:39:40","guid":{"rendered":"http:\/\/schuetzenverein-lemp.de\/?p=1554"},"modified":"2018-10-07T23:26:31","modified_gmt":"2018-10-07T21:26:31","slug":"kirmes-2018","status":"publish","type":"post","link":"https:\/\/schuetzenverein-lemp.de\/?p=1554","title":{"rendered":"Kirmes 2018"},"content":{"rendered":"<p>Kirmes in K\u00f6lschhausen<br \/>\nWir waren dabei \u2013 wir machten mit<\/p>\n<p>Die diesj\u00e4hrige Kirmes \u2013 von der Burschenschaft \u201eRoiweribber\u201c wiederum perfekt organisiert konnte sich \u00fcber die rege Teilnahme unserer Mitglieder freuen. W\u00e4hrend bei den Veranstaltungen am Freitag und Samstag der individuelle Besuch unserer Mitglieder erfolgte war am Sonntag die offizielle Teilnahme incl. Festzug angesagt.<br \/>\nSchade dass der Wettergott diesmal nicht mitspielte und genau zum Zeitpunkt des Zuges kr\u00e4ftiger, lang ersehnter Regen einsetzte und der Zug buchst\u00e4blich ins Wasser fiel und abgesagt wurde. Da wir nat\u00fcrlich auf alles vorbereitet waren und wir einen Planwagen organisierten wurde der Zug von und mit\u00a0 uns als einzigem Teilnehmer der gr\u00f6\u00dfte Teil der vorgesehenen Zugstrecke bew\u00e4ltigt . Es versteht sich von selbst dass wir nat\u00fcrlich gen\u00fcgend Verpflegung an Bord hatten Positiv gesehen konnte dadurch nat\u00fcrlich die Party im Festzelt fr\u00fcher beginnen und hier ging es dann richtig zur Sache. Auch zwischenzeitlich heftige Sturmb\u00f6en dem das Zelt aber standhielt taten der Stimmung keinen Abbruch. Bis 16:30 Uhr sorgten Fossi &amp; Charly f\u00fcr die richtige Stimmung und wurden dann vom Charlys Gaudi-Express abgel\u00f6st<br \/>\nWir bedanken uns bei der Burschenschaft f\u00fcr die wiederum gelungene Veranstaltung.<br \/>\nBilddokumentation zur Veranstaltung demn\u00e4chst.<\/p>\n","protected":false},"excerpt":{"rendered":"<p>Kirmes in K\u00f6lschhausen Wir waren dabei \u2013 wir machten mit Die diesj\u00e4hrige Kirmes \u2013 von der Burschenschaft \u201eRoiweribber\u201c wiederum perfekt organisiert konnte sich \u00fcber die rege Teilnahme unserer Mitglieder freuen. W\u00e4hrend bei den Veranstaltungen am Freitag und Samstag der individuelle Besuch unserer Mitglieder erfolgte war am Sonntag die offizielle Teilnahme incl. Festzug angesagt. Schade dass &hellip; <a href=\"https:\/\/schuetzenverein-lemp.de\/?p=1554\" class=\"more-link\"><span class=\"screen-reader-text\">&#8222;Kirmes 2018&#8220; <\/span>weiterlesen<\/a><\/p>\n","protected":false},"author":7,"featured_media":0,"comment_status":"closed","ping_status":"closed","sticky":false,"template":"","format":"standard","meta":{"footnotes":""},"categories":[77,136,11],"tags":[],"class_list":["post-1554","post","type-post","status-publish","format-standard","hentry","category-77","category-brauchtum","category-termine-und-veranstaltungen"],"_links":{"self":[{"href":"https:\/\/schuetzenverein-lemp.de\/index.php?rest_route=\/wp\/v2\/posts\/1554","targetHints":{"allow":["GET"]}}],"collection":[{"href":"https:\/\/schuetzenverein-lemp.de\/index.php?rest_route=\/wp\/v2\/posts"}],"about":[{"href":"https:\/\/schuetzenverein-lemp.de\/index.php?rest_route=\/wp\/v2\/types\/post"}],"author":[{"embeddable":true,"href":"https:\/\/schuetzenverein-lemp.de\/index.php?rest_route=\/wp\/v2\/users\/7"}],"replies":[{"embeddable":true,"href":"https:\/\/schuetzenverein-lemp.de\/index.php?rest_route=%2Fwp%2Fv2%2Fcomments&post=1554"}],"version-history":[{"count":1,"href":"https:\/\/schuetzenverein-lemp.de\/index.php?rest_route=\/wp\/v2\/posts\/1554\/revisions"}],"predecessor-version":[{"id":1555,"href":"https:\/\/schuetzenverein-lemp.de\/index.php?rest_route=\/wp\/v2\/posts\/1554\/revisions\/1555"}],"wp:attachment":[{"href":"https:\/\/schuetzenverein-lemp.de\/index.php?rest_route=%2Fwp%2Fv2%2Fmedia&parent=1554"}],"wp:term":[{"taxonomy":"category","embeddable":true,"href":"https:\/\/schuetzenverein-lemp.de\/index.php?rest_route=%2Fwp%2Fv2%2Fcategories&post=1554"},{"taxonomy":"post_tag","embeddable":true,"href":"https:\/\/schuetzenverein-lemp.de\/index.php?rest_route=%2Fwp%2Fv2%2Ftags&post=1554"}],"curies":[{"name":"wp","href":"https:\/\/api.w.org\/{rel}","templated":true}]}}