{"id":2011,"date":"2019-05-05T10:30:43","date_gmt":"2019-05-05T08:30:43","guid":{"rendered":"https:\/\/schuetzenverein-lemp.de\/?p=2011"},"modified":"2019-05-05T10:42:02","modified_gmt":"2019-05-05T08:42:02","slug":"fruehjahrswanderung-2019-4-5-dokumentation","status":"publish","type":"post","link":"https:\/\/schuetzenverein-lemp.de\/?p=2011","title":{"rendered":"Fr\u00fchjahrswanderung 2019 4.5. -Dokumentation"},"content":{"rendered":"<p><img loading=\"lazy\" decoding=\"async\" class=\"alignnone size-medium wp-image-2009\" src=\"https:\/\/schuetzenverein-lemp.de\/wp-content\/uploads\/2019\/05\/WP_20190504_15_48_56_Pro-300x169.jpg\" alt=\"\" width=\"300\" height=\"169\" srcset=\"https:\/\/schuetzenverein-lemp.de\/wp-content\/uploads\/2019\/05\/WP_20190504_15_48_56_Pro-300x169.jpg 300w, https:\/\/schuetzenverein-lemp.de\/wp-content\/uploads\/2019\/05\/WP_20190504_15_48_56_Pro-768x431.jpg 768w, https:\/\/schuetzenverein-lemp.de\/wp-content\/uploads\/2019\/05\/WP_20190504_15_48_56_Pro-1024x575.jpg 1024w, https:\/\/schuetzenverein-lemp.de\/wp-content\/uploads\/2019\/05\/WP_20190504_15_48_56_Pro-1200x674.jpg 1200w\" sizes=\"auto, (max-width: 300px) 85vw, 300px\" \/><img loading=\"lazy\" decoding=\"async\" class=\"alignnone size-medium wp-image-2008\" src=\"https:\/\/schuetzenverein-lemp.de\/wp-content\/uploads\/2019\/05\/WP_20190504_15_23_49_Pro-300x169.jpg\" alt=\"\" width=\"300\" height=\"169\" srcset=\"https:\/\/schuetzenverein-lemp.de\/wp-content\/uploads\/2019\/05\/WP_20190504_15_23_49_Pro-300x169.jpg 300w, https:\/\/schuetzenverein-lemp.de\/wp-content\/uploads\/2019\/05\/WP_20190504_15_23_49_Pro-768x431.jpg 768w, https:\/\/schuetzenverein-lemp.de\/wp-content\/uploads\/2019\/05\/WP_20190504_15_23_49_Pro-1024x575.jpg 1024w, https:\/\/schuetzenverein-lemp.de\/wp-content\/uploads\/2019\/05\/WP_20190504_15_23_49_Pro-1200x674.jpg 1200w\" sizes=\"auto, (max-width: 300px) 85vw, 300px\" \/><\/p>\n<p>Eine kleine aber feine Gruppe von Sch\u00fctzenschwestern und Sch\u00fctzenbr\u00fcdern fand sich zur diesj\u00e4hrigen Fr\u00fchlingswanderung ein. Nach dem obligatorischen Schu\u00df auf die Bilderscheibe und einem \u201eSatteltrunk\u201c ging die Gruppe , gesichert durch die \u201eBodygards\u201c Joschi und Lassie auf die Strecke . Durch Flur und Wald \u00fcber den Dreisbacher Sattel war die erste Verpflegungsstelle an einer Wegekreuzung erreicht.. Rechtzeitig erschien der Marketenderwagen der kaltes Bier und hei\u00dfen Kaffee an Bord hatte. Nat\u00fcrlich gab es traditionsgem\u00e4\u00df auch Fleischwurst mit Br\u00f6tchen und den traditionellen Nusskuchen.<br \/>\nNach der St\u00e4rkung erfolgte die Bekanntgabe des Siegers mit dem besten Schu\u00df auf die Scheibe. Gabi Reinhardt hatte hier wohl die sicherste Hand und konnte den Sieg f\u00fcr sich verbuchen.<br \/>\nNach weiteren ca. 1 \u00bd Stunden war das Ziel das Restaurant Schupp in Bellersdorf erreicht. Bei gepflegten Getr\u00e4nken und k\u00f6stlichen Speisen in geselliger Runde fand die Fr\u00fchjahrswanderung ihren Abschluss F\u00fcr die perfekt organisierte Heimfahrt zeichnete die Fa. Bender verantwortlich.<br \/>\nGesamtres\u00fcmee: Alle Teilnehmer waren sich einig dass es wieder eine wunderbare Wanderung durch den bereits in vollem Bl\u00e4tterkleid stehenden Wald und einer Luft die frei von Stickoxiden und Pollenflug und zwischenzeitlich auch noch mit kurzen Regen-, Graubel- und Schneeschauern gereinigt wurde, war. Dies tat dem Wanderspass keinen Abruch da alle Teilnehmer witterungsgerechte Kleidung trugen, wobei ein Teilnehmer sogar behauptete er w\u00e4re mit diesen \u201eKlamotten\u201c schon quer durch den Himalaya gewandert (der Wahrheitsgehalt dieser Aussage war allerdings nicht nachpr\u00fcfbar)<br \/>\nNat\u00fcrlich schien anschlie\u00dfend auch wieder die Sonne von einem strahlend blauen Himmel<br \/>\nLetztlich war die diesj\u00e4hrige Wanderung ein regelrechter Gesundheitstrip. Alle die dabei waren haben es genossen. Alle anderen haben sicher etwas vers\u00e4umt.<br \/>\nUnsere Bilddokumentation zeigt ein Teil der Gruppe bei der Rast und die Bekanntgabe der Siegerin<\/p>\n","protected":false},"excerpt":{"rendered":"<p>Eine kleine aber feine Gruppe von Sch\u00fctzenschwestern und Sch\u00fctzenbr\u00fcdern fand sich zur diesj\u00e4hrigen Fr\u00fchlingswanderung ein. Nach dem obligatorischen Schu\u00df auf die Bilderscheibe und einem \u201eSatteltrunk\u201c ging die Gruppe , gesichert durch die \u201eBodygards\u201c Joschi und Lassie auf die Strecke . Durch Flur und Wald \u00fcber den Dreisbacher Sattel war die erste Verpflegungsstelle an einer Wegekreuzung &hellip; <a href=\"https:\/\/schuetzenverein-lemp.de\/?p=2011\" class=\"more-link\"><span class=\"screen-reader-text\">&#8222;Fr\u00fchjahrswanderung 2019 4.5. -Dokumentation&#8220; <\/span>weiterlesen<\/a><\/p>\n","protected":false},"author":7,"featured_media":0,"comment_status":"closed","ping_status":"closed","sticky":false,"template":"","format":"standard","meta":{"footnotes":""},"categories":[217,136],"tags":[],"class_list":["post-2011","post","type-post","status-publish","format-standard","hentry","category-217","category-brauchtum"],"_links":{"self":[{"href":"https:\/\/schuetzenverein-lemp.de\/index.php?rest_route=\/wp\/v2\/posts\/2011","targetHints":{"allow":["GET"]}}],"collection":[{"href":"https:\/\/schuetzenverein-lemp.de\/index.php?rest_route=\/wp\/v2\/posts"}],"about":[{"href":"https:\/\/schuetzenverein-lemp.de\/index.php?rest_route=\/wp\/v2\/types\/post"}],"author":[{"embeddable":true,"href":"https:\/\/schuetzenverein-lemp.de\/index.php?rest_route=\/wp\/v2\/users\/7"}],"replies":[{"embeddable":true,"href":"https:\/\/schuetzenverein-lemp.de\/index.php?rest_route=%2Fwp%2Fv2%2Fcomments&post=2011"}],"version-history":[{"count":3,"href":"https:\/\/schuetzenverein-lemp.de\/index.php?rest_route=\/wp\/v2\/posts\/2011\/revisions"}],"predecessor-version":[{"id":2014,"href":"https:\/\/schuetzenverein-lemp.de\/index.php?rest_route=\/wp\/v2\/posts\/2011\/revisions\/2014"}],"wp:attachment":[{"href":"https:\/\/schuetzenverein-lemp.de\/index.php?rest_route=%2Fwp%2Fv2%2Fmedia&parent=2011"}],"wp:term":[{"taxonomy":"category","embeddable":true,"href":"https:\/\/schuetzenverein-lemp.de\/index.php?rest_route=%2Fwp%2Fv2%2Fcategories&post=2011"},{"taxonomy":"post_tag","embeddable":true,"href":"https:\/\/schuetzenverein-lemp.de\/index.php?rest_route=%2Fwp%2Fv2%2Ftags&post=2011"}],"curies":[{"name":"wp","href":"https:\/\/api.w.org\/{rel}","templated":true}]}}